{"id":178,"date":"2016-05-11T14:28:46","date_gmt":"2016-05-11T12:28:46","guid":{"rendered":"http:\/\/www.sporttennis.it\/asdesport\/?p=178"},"modified":"2016-10-21T09:37:26","modified_gmt":"2016-10-21T07:37:26","slug":"news-rugby-beaumont-n-1-federazione-mondiale","status":"publish","type":"post","link":"https:\/\/www.asdesport.it\/index.php\/2016\/05\/11\/news-rugby-beaumont-n-1-federazione-mondiale\/","title":{"rendered":"News Rugby &#8211; Beaumont n.1 Federazione mondiale"},"content":{"rendered":"<p><img decoding=\"async\" class=\"size-thumbnail wp-image-139 alignleft\" src=\"http:\/\/www.asdesport.it\/wp-content\/uploads\/2016\/08\/rugby-150x150.png\" alt=\"rugby\" width=\"150\" height=\"150\" \/>(ANSA) &#8211; ROMA, 11 MAG &#8211; Bill Beaumont, ex capitano dell&#8217;Inghilterra, \u00e8 stato eletto presidente della Federazione mondiale di rugby. Sessantaquattro anni, guid\u00f2 la sua Nazionale nella vittoria del Grand Slam nell&#8217;80. Inizier\u00e0 il suo mandato il primo luglio. Succede al francese Bernard Lapasset, che ha scelto di non ripresentarsi per concentrare la sua attivit\u00e0 sulla candidatura di Parigi per i Giochi del 2024.<br \/>\nL&#8217;argentino Agustin Pichot \u00e8 stato eletto vicepresidente.<br \/>\nBeaumont, 34 presenze con la maglia dell&#8217;Inghilterra, ha guidato anche la Federazione inglese ed \u00e8 stato presidente del Sei Nazioni.<\/p>\n","protected":false},"excerpt":{"rendered":"<p>(ANSA) &#8211; ROMA, 11 MAG &#8211; Bill Beaumont, ex capitano dell&#8217;Inghilterra, \u00e8 stato eletto presidente della Federazione mondiale di rugby. Sessantaquattro anni, [&hellip;]<\/p>\n","protected":false},"author":3,"featured_media":139,"comment_status":"open","ping_status":"open","sticky":false,"template":"","format":"standard","meta":{"footnotes":""},"categories":[1,13],"tags":[],"_links":{"self":[{"href":"https:\/\/www.asdesport.it\/index.php\/wp-json\/wp\/v2\/posts\/178"}],"collection":[{"href":"https:\/\/www.asdesport.it\/index.php\/wp-json\/wp\/v2\/posts"}],"about":[{"href":"https:\/\/www.asdesport.it\/index.php\/wp-json\/wp\/v2\/types\/post"}],"author":[{"embeddable":true,"href":"https:\/\/www.asdesport.it\/index.php\/wp-json\/wp\/v2\/users\/3"}],"replies":[{"embeddable":true,"href":"https:\/\/www.asdesport.it\/index.php\/wp-json\/wp\/v2\/comments?post=178"}],"version-history":[{"count":2,"href":"https:\/\/www.asdesport.it\/index.php\/wp-json\/wp\/v2\/posts\/178\/revisions"}],"predecessor-version":[{"id":562,"href":"https:\/\/www.asdesport.it\/index.php\/wp-json\/wp\/v2\/posts\/178\/revisions\/562"}],"wp:featuredmedia":[{"embeddable":true,"href":"https:\/\/www.asdesport.it\/index.php\/wp-json\/wp\/v2\/media\/139"}],"wp:attachment":[{"href":"https:\/\/www.asdesport.it\/index.php\/wp-json\/wp\/v2\/media?parent=178"}],"wp:term":[{"taxonomy":"category","embeddable":true,"href":"https:\/\/www.asdesport.it\/index.php\/wp-json\/wp\/v2\/categories?post=178"},{"taxonomy":"post_tag","embeddable":true,"href":"https:\/\/www.asdesport.it\/index.php\/wp-json\/wp\/v2\/tags?post=178"}],"curies":[{"name":"wp","href":"https:\/\/api.w.org\/{rel}","templated":true}]}}